{"id":4168,"date":"2021-02-01T12:00:50","date_gmt":"2021-02-01T17:00:50","guid":{"rendered":"https:\/\/gpsites.co\/shop\/?p=4168"},"modified":"2023-05-25T13:43:40","modified_gmt":"2023-05-25T17:43:40","slug":"seeds","status":"publish","type":"post","link":"http:\/\/www.lasocietedesplantes.com\/en\/semences\/","title":{"rendered":"SEEDS"},"content":{"rendered":"<h2 class=\"gb-headline gb-headline-5bbe99e7 gb-headline-text\">Do as you please and do better. <\/h2>\n\n\n\n<p>After 20 years in operation, La soci\u00e9t\u00e9 des plantes has developed a catalog aimed at gardeners and growers in northern climates who are looking for hardy, sometimes unusual varieties that have been tested in a climate similar to their own.&nbsp;<\/p>\n\n\n\n<h2 class=\"gb-headline gb-headline-8a39547f gb-headline-text\"><em>LSDP specializes in creating selection protocols that focus on the organoleptic qualities of plants, their beauty, ethnobotany, living heritage and gastronomy.&nbsp;<\/em><\/h2>\n\n\n\n<p><br>Thanks to its ongoing R&amp;D, LSDP is often the first company to launch new varieties and cultivars dedicated to the Quebec gastronomic sector. Patrice Fortier has twice been a finalist in the Lauriers de la gastronomie qu\u00e9b\u00e9coise in the category <em>Producer of the year<\/em>.&nbsp;&nbsp;<\/p>\n\n\n\n<p>Its reputation as a rigorous selector and spearhead of research and development in the field of gastronomic diversity has placed the company in a specialist position for training courses, workshops and conferences.<\/p>\n\n\n<div class=\"gb-container gb-container-991900a2\"><div class=\"gb-inside-container\">\n<div class=\"wp-block-image photo-shadow img\">\n<figure class=\"aligncenter size-full is-resized\"><img loading=\"lazy\" decoding=\"async\" src=\"https:\/\/www.lasocietedesplantes.com\/wp-content\/uploads\/2022\/02\/AS_sweat8_web-1-edited.jpg\" alt=\"sweatshirt AMAMUS SEMINA\" class=\"wp-image-31936\" width=\"674\" height=\"505\" srcset=\"https:\/\/www.lasocietedesplantes.com\/wp-content\/uploads\/2022\/02\/AS_sweat8_web-1-edited.jpg 700w, https:\/\/www.lasocietedesplantes.com\/wp-content\/uploads\/2022\/02\/AS_sweat8_web-1-edited-400x300.jpg 400w, https:\/\/www.lasocietedesplantes.com\/wp-content\/uploads\/2022\/02\/AS_sweat8_web-1-edited-300x225.jpg 300w\" sizes=\"auto, (max-width: 674px) 100vw, 674px\" \/><figcaption class=\"wp-element-caption\">Patrice Fortier, Founder of the Plant Society.<\/figcaption><\/figure>\n<\/div>\n<\/div><\/div>","protected":false},"excerpt":{"rendered":"<p>After 20 years in operation, La soci\u00e9t\u00e9 des plantes has developed a catalog aimed at gardeners and growers in northern climates who are looking for hardy, sometimes unusual varieties that have been tested in a climate similar to their own.\u00a0<\/p>","protected":false},"author":4,"featured_media":31238,"comment_status":"closed","ping_status":"closed","sticky":false,"template":"","format":"standard","meta":{"footnotes":""},"categories":[279],"tags":[],"class_list":["post-4168","post","type-post","status-publish","format-standard","has-post-thumbnail","hentry","category-le-zine","generate-columns","tablet-grid-50","mobile-grid-100","grid-parent","grid-33"],"yoast_head":"<!-- This site is optimized with the Yoast SEO plugin v27.5 - https:\/\/yoast.com\/product\/yoast-seo-wordpress\/ -->\n<title>SEMENCES - LA SOCI\u00c9T\u00c9 DES PLANTES<\/title>\n<meta name=\"robots\" content=\"index, follow, max-snippet:-1, max-image-preview:large, max-video-preview:-1\" \/>\n<link rel=\"canonical\" href=\"https:\/\/www.lasocietedesplantes.com\/en\/seeds\/\" \/>\n<meta property=\"og:locale\" content=\"en_US\" \/>\n<meta property=\"og:type\" content=\"article\" \/>\n<meta property=\"og:title\" content=\"SEMENCES - LA SOCI\u00c9T\u00c9 DES PLANTES\" \/>\n<meta property=\"og:description\" content=\"Apr\u00e8s 20 ans en op\u00e9ration, La soci\u00e9t\u00e9 des plantes a d\u00e9velopp\u00e9 un catalogue qui s\u2019adresse aux jardiniers et agriculteurs en climat nordique qui recherchent des vari\u00e9t\u00e9s rustiques, parfois inusit\u00e9es et surtout test\u00e9es dans un climat qui ressemble au leur.\u00a0\" \/>\n<meta property=\"og:url\" content=\"https:\/\/www.lasocietedesplantes.com\/en\/seeds\/\" \/>\n<meta property=\"og:site_name\" content=\"LA SOCI\u00c9T\u00c9 DES PLANTES\" \/>\n<meta property=\"article:publisher\" content=\"https:\/\/www.facebook.com\/LA-SOCI%c3%89T%c3%89-DES-PLANTES-100844866638607\/\" \/>\n<meta property=\"article:published_time\" content=\"2021-02-01T17:00:50+00:00\" \/>\n<meta property=\"article:modified_time\" content=\"2023-05-25T17:43:40+00:00\" \/>\n<meta property=\"og:image\" content=\"https:\/\/www.lasocietedesplantes.com\/wp-content\/uploads\/2022\/02\/CucumisSuyo2-2.jpg\" \/>\n\t<meta property=\"og:image:width\" content=\"700\" \/>\n\t<meta property=\"og:image:height\" content=\"904\" \/>\n\t<meta property=\"og:image:type\" content=\"image\/jpeg\" \/>\n<meta name=\"author\" content=\"Patrice Fortier\" \/>\n<meta name=\"twitter:card\" content=\"summary_large_image\" \/>\n<meta name=\"twitter:label1\" content=\"Written by\" \/>\n\t<meta name=\"twitter:data1\" content=\"Patrice Fortier\" \/>\n\t<meta name=\"twitter:label2\" content=\"Est. reading time\" \/>\n\t<meta name=\"twitter:data2\" content=\"1 minute\" \/>\n<script type=\"application\/ld+json\" class=\"yoast-schema-graph\">{\"@context\":\"https:\\\/\\\/schema.org\",\"@graph\":[{\"@type\":\"Article\",\"@id\":\"https:\\\/\\\/www.lasocietedesplantes.com\\\/semences\\\/#article\",\"isPartOf\":{\"@id\":\"https:\\\/\\\/www.lasocietedesplantes.com\\\/semences\\\/\"},\"author\":{\"name\":\"Patrice Fortier\",\"@id\":\"https:\\\/\\\/www.lasocietedesplantes.com\\\/#\\\/schema\\\/person\\\/ee106e93819f0876a9fdf13996e56ec8\"},\"headline\":\"SEMENCES\",\"datePublished\":\"2021-02-01T17:00:50+00:00\",\"dateModified\":\"2023-05-25T17:43:40+00:00\",\"mainEntityOfPage\":{\"@id\":\"https:\\\/\\\/www.lasocietedesplantes.com\\\/semences\\\/\"},\"wordCount\":206,\"publisher\":{\"@id\":\"https:\\\/\\\/www.lasocietedesplantes.com\\\/#organization\"},\"image\":{\"@id\":\"https:\\\/\\\/www.lasocietedesplantes.com\\\/semences\\\/#primaryimage\"},\"thumbnailUrl\":\"https:\\\/\\\/www.lasocietedesplantes.com\\\/wp-content\\\/uploads\\\/2022\\\/02\\\/CucumisSuyo2-2.jpg\",\"articleSection\":[\"Le zine\"],\"inLanguage\":\"en-CA\"},{\"@type\":\"WebPage\",\"@id\":\"https:\\\/\\\/www.lasocietedesplantes.com\\\/semences\\\/\",\"url\":\"https:\\\/\\\/www.lasocietedesplantes.com\\\/semences\\\/\",\"name\":\"SEMENCES - LA SOCI\u00c9T\u00c9 DES PLANTES\",\"isPartOf\":{\"@id\":\"https:\\\/\\\/www.lasocietedesplantes.com\\\/#website\"},\"primaryImageOfPage\":{\"@id\":\"https:\\\/\\\/www.lasocietedesplantes.com\\\/semences\\\/#primaryimage\"},\"image\":{\"@id\":\"https:\\\/\\\/www.lasocietedesplantes.com\\\/semences\\\/#primaryimage\"},\"thumbnailUrl\":\"https:\\\/\\\/www.lasocietedesplantes.com\\\/wp-content\\\/uploads\\\/2022\\\/02\\\/CucumisSuyo2-2.jpg\",\"datePublished\":\"2021-02-01T17:00:50+00:00\",\"dateModified\":\"2023-05-25T17:43:40+00:00\",\"breadcrumb\":{\"@id\":\"https:\\\/\\\/www.lasocietedesplantes.com\\\/semences\\\/#breadcrumb\"},\"inLanguage\":\"en-CA\",\"potentialAction\":[{\"@type\":\"ReadAction\",\"target\":[\"https:\\\/\\\/www.lasocietedesplantes.com\\\/semences\\\/\"]}]},{\"@type\":\"ImageObject\",\"inLanguage\":\"en-CA\",\"@id\":\"https:\\\/\\\/www.lasocietedesplantes.com\\\/semences\\\/#primaryimage\",\"url\":\"https:\\\/\\\/www.lasocietedesplantes.com\\\/wp-content\\\/uploads\\\/2022\\\/02\\\/CucumisSuyo2-2.jpg\",\"contentUrl\":\"https:\\\/\\\/www.lasocietedesplantes.com\\\/wp-content\\\/uploads\\\/2022\\\/02\\\/CucumisSuyo2-2.jpg\",\"width\":700,\"height\":904,\"caption\":\"Concombre 'Suyo Long'\"},{\"@type\":\"BreadcrumbList\",\"@id\":\"https:\\\/\\\/www.lasocietedesplantes.com\\\/semences\\\/#breadcrumb\",\"itemListElement\":[{\"@type\":\"ListItem\",\"position\":1,\"name\":\"Home\",\"item\":\"https:\\\/\\\/www.lasocietedesplantes.com\\\/\"},{\"@type\":\"ListItem\",\"position\":2,\"name\":\"SEMENCES\"}]},{\"@type\":\"WebSite\",\"@id\":\"https:\\\/\\\/www.lasocietedesplantes.com\\\/#website\",\"url\":\"https:\\\/\\\/www.lasocietedesplantes.com\\\/\",\"name\":\"LA SOCI\u00c9T\u00c9 DES PLANTES\",\"description\":\"Semences de vari\u00e9t\u00e9s utiles et agr\u00e9ables\",\"publisher\":{\"@id\":\"https:\\\/\\\/www.lasocietedesplantes.com\\\/#organization\"},\"potentialAction\":[{\"@type\":\"SearchAction\",\"target\":{\"@type\":\"EntryPoint\",\"urlTemplate\":\"https:\\\/\\\/www.lasocietedesplantes.com\\\/?s={search_term_string}\"},\"query-input\":{\"@type\":\"PropertyValueSpecification\",\"valueRequired\":true,\"valueName\":\"search_term_string\"}}],\"inLanguage\":\"en-CA\"},{\"@type\":\"Organization\",\"@id\":\"https:\\\/\\\/www.lasocietedesplantes.com\\\/#organization\",\"name\":\"La soci\u00e9t\u00e9 des plantes\",\"url\":\"https:\\\/\\\/www.lasocietedesplantes.com\\\/\",\"logo\":{\"@type\":\"ImageObject\",\"inLanguage\":\"en-CA\",\"@id\":\"https:\\\/\\\/www.lasocietedesplantes.com\\\/#\\\/schema\\\/logo\\\/image\\\/\",\"url\":\"https:\\\/\\\/www.lasocietedesplantes.com\\\/wp-content\\\/uploads\\\/2022\\\/02\\\/la-societe-des-plantes-logo-mobile.png\",\"contentUrl\":\"https:\\\/\\\/www.lasocietedesplantes.com\\\/wp-content\\\/uploads\\\/2022\\\/02\\\/la-societe-des-plantes-logo-mobile.png\",\"width\":800,\"height\":313,\"caption\":\"La soci\u00e9t\u00e9 des plantes\"},\"image\":{\"@id\":\"https:\\\/\\\/www.lasocietedesplantes.com\\\/#\\\/schema\\\/logo\\\/image\\\/\"},\"sameAs\":[\"https:\\\/\\\/www.facebook.com\\\/LA-SOCI\u00c9T\u00c9-DES-PLANTES-100844866638607\\\/\",\"https:\\\/\\\/www.instagram.com\\\/la_societe_des_plantes\\\/\"]},{\"@type\":\"Person\",\"@id\":\"https:\\\/\\\/www.lasocietedesplantes.com\\\/#\\\/schema\\\/person\\\/ee106e93819f0876a9fdf13996e56ec8\",\"name\":\"Patrice Fortier\",\"image\":{\"@type\":\"ImageObject\",\"inLanguage\":\"en-CA\",\"@id\":\"https:\\\/\\\/secure.gravatar.com\\\/avatar\\\/fd7b2490eb04fa8fd3316faabc127336af0b02e4aacd3f25c7492f36d439d196?s=96&d=mm&r=g\",\"url\":\"https:\\\/\\\/secure.gravatar.com\\\/avatar\\\/fd7b2490eb04fa8fd3316faabc127336af0b02e4aacd3f25c7492f36d439d196?s=96&d=mm&r=g\",\"contentUrl\":\"https:\\\/\\\/secure.gravatar.com\\\/avatar\\\/fd7b2490eb04fa8fd3316faabc127336af0b02e4aacd3f25c7492f36d439d196?s=96&d=mm&r=g\",\"caption\":\"Patrice Fortier\"},\"url\":\"http:\\\/\\\/www.lasocietedesplantes.com\\\/en\\\/author\\\/pfortier\\\/\"}]}<\/script>\n<!-- \/ Yoast SEO plugin. -->","yoast_head_json":{"title":"SEEDS - LA SOCI\u00c9T\u00c9 DES PLANTES","robots":{"index":"index","follow":"follow","max-snippet":"max-snippet:-1","max-image-preview":"max-image-preview:large","max-video-preview":"max-video-preview:-1"},"canonical":"https:\/\/www.lasocietedesplantes.com\/en\/seeds\/","og_locale":"en_US","og_type":"article","og_title":"SEMENCES - LA SOCI\u00c9T\u00c9 DES PLANTES","og_description":"Apr\u00e8s 20 ans en op\u00e9ration, La soci\u00e9t\u00e9 des plantes a d\u00e9velopp\u00e9 un catalogue qui s\u2019adresse aux jardiniers et agriculteurs en climat nordique qui recherchent des vari\u00e9t\u00e9s rustiques, parfois inusit\u00e9es et surtout test\u00e9es dans un climat qui ressemble au leur.\u00a0","og_url":"https:\/\/www.lasocietedesplantes.com\/en\/seeds\/","og_site_name":"LA SOCI\u00c9T\u00c9 DES PLANTES","article_publisher":"https:\/\/www.facebook.com\/LA-SOCI%c3%89T%c3%89-DES-PLANTES-100844866638607\/","article_published_time":"2021-02-01T17:00:50+00:00","article_modified_time":"2023-05-25T17:43:40+00:00","og_image":[{"width":700,"height":904,"url":"https:\/\/www.lasocietedesplantes.com\/wp-content\/uploads\/2022\/02\/CucumisSuyo2-2.jpg","type":"image\/jpeg"}],"author":"Patrice Fortier","twitter_card":"summary_large_image","twitter_misc":{"Written by":"Patrice Fortier","Est. reading time":"1 minute"},"schema":{"@context":"https:\/\/schema.org","@graph":[{"@type":"Article","@id":"https:\/\/www.lasocietedesplantes.com\/semences\/#article","isPartOf":{"@id":"https:\/\/www.lasocietedesplantes.com\/semences\/"},"author":{"name":"Patrice Fortier","@id":"https:\/\/www.lasocietedesplantes.com\/#\/schema\/person\/ee106e93819f0876a9fdf13996e56ec8"},"headline":"SEMENCES","datePublished":"2021-02-01T17:00:50+00:00","dateModified":"2023-05-25T17:43:40+00:00","mainEntityOfPage":{"@id":"https:\/\/www.lasocietedesplantes.com\/semences\/"},"wordCount":206,"publisher":{"@id":"https:\/\/www.lasocietedesplantes.com\/#organization"},"image":{"@id":"https:\/\/www.lasocietedesplantes.com\/semences\/#primaryimage"},"thumbnailUrl":"https:\/\/www.lasocietedesplantes.com\/wp-content\/uploads\/2022\/02\/CucumisSuyo2-2.jpg","articleSection":["Le zine"],"inLanguage":"en-CA"},{"@type":"WebPage","@id":"https:\/\/www.lasocietedesplantes.com\/semences\/","url":"https:\/\/www.lasocietedesplantes.com\/semences\/","name":"SEEDS - LA SOCI\u00c9T\u00c9 DES PLANTES","isPartOf":{"@id":"https:\/\/www.lasocietedesplantes.com\/#website"},"primaryImageOfPage":{"@id":"https:\/\/www.lasocietedesplantes.com\/semences\/#primaryimage"},"image":{"@id":"https:\/\/www.lasocietedesplantes.com\/semences\/#primaryimage"},"thumbnailUrl":"https:\/\/www.lasocietedesplantes.com\/wp-content\/uploads\/2022\/02\/CucumisSuyo2-2.jpg","datePublished":"2021-02-01T17:00:50+00:00","dateModified":"2023-05-25T17:43:40+00:00","breadcrumb":{"@id":"https:\/\/www.lasocietedesplantes.com\/semences\/#breadcrumb"},"inLanguage":"en-CA","potentialAction":[{"@type":"ReadAction","target":["https:\/\/www.lasocietedesplantes.com\/semences\/"]}]},{"@type":"ImageObject","inLanguage":"en-CA","@id":"https:\/\/www.lasocietedesplantes.com\/semences\/#primaryimage","url":"https:\/\/www.lasocietedesplantes.com\/wp-content\/uploads\/2022\/02\/CucumisSuyo2-2.jpg","contentUrl":"https:\/\/www.lasocietedesplantes.com\/wp-content\/uploads\/2022\/02\/CucumisSuyo2-2.jpg","width":700,"height":904,"caption":"Concombre 'Suyo Long'"},{"@type":"BreadcrumbList","@id":"https:\/\/www.lasocietedesplantes.com\/semences\/#breadcrumb","itemListElement":[{"@type":"ListItem","position":1,"name":"Home","item":"https:\/\/www.lasocietedesplantes.com\/"},{"@type":"ListItem","position":2,"name":"SEMENCES"}]},{"@type":"WebSite","@id":"https:\/\/www.lasocietedesplantes.com\/#website","url":"https:\/\/www.lasocietedesplantes.com\/","name":"THE PLANT COMPANY","description":"Seeds of useful and pleasant varieties","publisher":{"@id":"https:\/\/www.lasocietedesplantes.com\/#organization"},"potentialAction":[{"@type":"SearchAction","target":{"@type":"EntryPoint","urlTemplate":"https:\/\/www.lasocietedesplantes.com\/?s={search_term_string}"},"query-input":{"@type":"PropertyValueSpecification","valueRequired":true,"valueName":"search_term_string"}}],"inLanguage":"en-CA"},{"@type":"Organization","@id":"https:\/\/www.lasocietedesplantes.com\/#organization","name":"The plant company","url":"https:\/\/www.lasocietedesplantes.com\/","logo":{"@type":"ImageObject","inLanguage":"en-CA","@id":"https:\/\/www.lasocietedesplantes.com\/#\/schema\/logo\/image\/","url":"https:\/\/www.lasocietedesplantes.com\/wp-content\/uploads\/2022\/02\/la-societe-des-plantes-logo-mobile.png","contentUrl":"https:\/\/www.lasocietedesplantes.com\/wp-content\/uploads\/2022\/02\/la-societe-des-plantes-logo-mobile.png","width":800,"height":313,"caption":"La soci\u00e9t\u00e9 des plantes"},"image":{"@id":"https:\/\/www.lasocietedesplantes.com\/#\/schema\/logo\/image\/"},"sameAs":["https:\/\/www.facebook.com\/LA-SOCI\u00c9T\u00c9-DES-PLANTES-100844866638607\/","https:\/\/www.instagram.com\/la_societe_des_plantes\/"]},{"@type":"Person","@id":"https:\/\/www.lasocietedesplantes.com\/#\/schema\/person\/ee106e93819f0876a9fdf13996e56ec8","name":"Patrice Fortier","image":{"@type":"ImageObject","inLanguage":"en-CA","@id":"https:\/\/secure.gravatar.com\/avatar\/fd7b2490eb04fa8fd3316faabc127336af0b02e4aacd3f25c7492f36d439d196?s=96&d=mm&r=g","url":"https:\/\/secure.gravatar.com\/avatar\/fd7b2490eb04fa8fd3316faabc127336af0b02e4aacd3f25c7492f36d439d196?s=96&d=mm&r=g","contentUrl":"https:\/\/secure.gravatar.com\/avatar\/fd7b2490eb04fa8fd3316faabc127336af0b02e4aacd3f25c7492f36d439d196?s=96&d=mm&r=g","caption":"Patrice Fortier"},"url":"http:\/\/www.lasocietedesplantes.com\/en\/author\/pfortier\/"}]}},"jetpack_featured_media_url":"https:\/\/www.lasocietedesplantes.com\/wp-content\/uploads\/2022\/02\/CucumisSuyo2-2.jpg","_links":{"self":[{"href":"http:\/\/www.lasocietedesplantes.com\/en\/wp-json\/wp\/v2\/posts\/4168","targetHints":{"allow":["GET"]}}],"collection":[{"href":"http:\/\/www.lasocietedesplantes.com\/en\/wp-json\/wp\/v2\/posts"}],"about":[{"href":"http:\/\/www.lasocietedesplantes.com\/en\/wp-json\/wp\/v2\/types\/post"}],"author":[{"embeddable":true,"href":"http:\/\/www.lasocietedesplantes.com\/en\/wp-json\/wp\/v2\/users\/4"}],"replies":[{"embeddable":true,"href":"http:\/\/www.lasocietedesplantes.com\/en\/wp-json\/wp\/v2\/comments?post=4168"}],"version-history":[{"count":2,"href":"http:\/\/www.lasocietedesplantes.com\/en\/wp-json\/wp\/v2\/posts\/4168\/revisions"}],"predecessor-version":[{"id":55521,"href":"http:\/\/www.lasocietedesplantes.com\/en\/wp-json\/wp\/v2\/posts\/4168\/revisions\/55521"}],"wp:featuredmedia":[{"embeddable":true,"href":"http:\/\/www.lasocietedesplantes.com\/en\/wp-json\/wp\/v2\/media\/31238"}],"wp:attachment":[{"href":"http:\/\/www.lasocietedesplantes.com\/en\/wp-json\/wp\/v2\/media?parent=4168"}],"wp:term":[{"taxonomy":"category","embeddable":true,"href":"http:\/\/www.lasocietedesplantes.com\/en\/wp-json\/wp\/v2\/categories?post=4168"},{"taxonomy":"post_tag","embeddable":true,"href":"http:\/\/www.lasocietedesplantes.com\/en\/wp-json\/wp\/v2\/tags?post=4168"}],"curies":[{"name":"wp","href":"https:\/\/api.w.org\/{rel}","templated":true}]}}